{"id":2773,"date":"2025-10-14T16:57:20","date_gmt":"2025-10-14T14:57:20","guid":{"rendered":"https:\/\/iniciativas-innovadoras.es\/actualidad\/el-proyecto-phos4cycle-celebra-en-coimbra-su-cuarta-reunion-para-avanzar-hacia-una-agricultura-mas-sostenible-en-el-suroeste-europeo\/"},"modified":"2025-10-17T11:05:05","modified_gmt":"2025-10-17T09:05:05","slug":"le-projet-phos4cycle-tient-sa-quatrieme-reunion-a-coimbra-pour-progresser-vers-une-agriculture-plus-durable-dans-le-sud-ouest-europeen","status":"publish","type":"post","link":"https:\/\/iniciativas-innovadoras.es\/fr\/actualites\/le-projet-phos4cycle-tient-sa-quatrieme-reunion-a-coimbra-pour-progresser-vers-une-agriculture-plus-durable-dans-le-sud-ouest-europeen\/","title":{"rendered":"Le projet Phos4Cycle tient sa quatri\u00e8me r\u00e9union \u00e0 Coimbra pour progresser vers une agriculture plus durable dans le sud-ouest europ\u00e9en"},"content":{"rendered":"<div class=\"ewa-rteLine\"><\/div>\n<div class=\"ewa-rteLine\">La quatri\u00e8me r\u00e9union du consortium du projet Interreg Sudoe Phos4Cycle s\u2019est tenue les 7 et 8 octobre 2025 \u00e0 Coimbra, marquant la premi\u00e8re \u00e9dition de cette rencontre au Portugal. L\u2019\u00e9v\u00e9nement a \u00e9t\u00e9 organis\u00e9 par le <a href=\"https:\/\/www.linkedin.com\/school\/politecnicodecoimbra\/\">Polit\u00e9cnico de Coimbra (LinkedIn)<\/a> et a r\u00e9uni les neuf partenaires du projet : itagra.ct, Itavi (Institut Technique de l&rsquo;Aviculture, Pisciculture et Cuniculture), FEDEHESA (F\u00e9d\u00e9ration Espagnole de la Dehesa), INIAV, IP (Institut National de Recherche Agronomique et V\u00e9t\u00e9rinaire), CALCOB (Coop\u00e9rative Agricole d\u2019Oliveira do Bairro et Vagos, CRL), AQUACORP, ADERA, le Gouvernement de La Rioja et le Polit\u00e9cnico de Coimbra en tant qu\u2019h\u00f4te.<\/div>\n<div class=\"ewa-rteLine\"><\/div>\n<div class=\"ewa-rteLine\">Au cours des deux journ\u00e9es de travail, les participants ont pass\u00e9 en revue les activit\u00e9s r\u00e9alis\u00e9es par les trois groupes de travail et les actions de communication du projet au cours des derniers mois, pr\u00e9sent\u00e9 les progr\u00e8s r\u00e9alis\u00e9s dans les six sites pilotes et planifi\u00e9 les prochaines \u00e9tapes dans les diff\u00e9rents lieux d\u2019exp\u00e9rimentation.<\/div>\n<p><img loading=\"lazy\" decoding=\"async\" class=\"aligncenter wp-image-2624 size-full\" src=\"https:\/\/iniciativas-innovadoras.es\/wp-content\/uploads\/2025\/10\/PXL_20251007_115618729-scaled.jpg\" alt=\"\" width=\"2560\" height=\"1440\" srcset=\"https:\/\/iniciativas-innovadoras.es\/wp-content\/uploads\/2025\/10\/PXL_20251007_115618729-scaled.jpg 2560w, https:\/\/iniciativas-innovadoras.es\/wp-content\/uploads\/2025\/10\/PXL_20251007_115618729-1280x720.jpg 1280w, https:\/\/iniciativas-innovadoras.es\/wp-content\/uploads\/2025\/10\/PXL_20251007_115618729-980x551.jpg 980w, https:\/\/iniciativas-innovadoras.es\/wp-content\/uploads\/2025\/10\/PXL_20251007_115618729-480x270.jpg 480w\" sizes=\"(min-width: 0px) and (max-width: 480px) 480px, (min-width: 481px) and (max-width: 980px) 980px, (min-width: 981px) and (max-width: 1280px) 1280px, (min-width: 1281px) 2560px, 100vw\" \/><\/p>\n<p><img loading=\"lazy\" decoding=\"async\" class=\"aligncenter wp-image-2622 size-full\" src=\"https:\/\/iniciativas-innovadoras.es\/wp-content\/uploads\/2025\/10\/IMG-20251009-WA0003.jpg\" alt=\"\" width=\"2000\" height=\"1500\" srcset=\"https:\/\/iniciativas-innovadoras.es\/wp-content\/uploads\/2025\/10\/IMG-20251009-WA0003.jpg 2000w, https:\/\/iniciativas-innovadoras.es\/wp-content\/uploads\/2025\/10\/IMG-20251009-WA0003-1280x960.jpg 1280w, https:\/\/iniciativas-innovadoras.es\/wp-content\/uploads\/2025\/10\/IMG-20251009-WA0003-980x735.jpg 980w, https:\/\/iniciativas-innovadoras.es\/wp-content\/uploads\/2025\/10\/IMG-20251009-WA0003-480x360.jpg 480w\" sizes=\"(min-width: 0px) and (max-width: 480px) 480px, (min-width: 481px) and (max-width: 980px) 980px, (min-width: 981px) and (max-width: 1280px) 1280px, (min-width: 1281px) 2000px, 100vw\" \/><\/p>\n<div class=\"ewa-rteLine\">Par ailleurs, la co-cr\u00e9ation de la deuxi\u00e8me capsule audiovisuelle du projet a progress\u00e9, en vue de diffuser les r\u00e9sultats obtenus. Le deuxi\u00e8me jour comprenait une visite du site pilote de Coimbra, o\u00f9 les partenaires ont pu d\u00e9couvrir sur le terrain les activit\u00e9s men\u00e9es dans le cadre du projet. Cette rencontre a permis de renforcer la coop\u00e9ration entre les entit\u00e9s participantes et de consolider les progr\u00e8s vers les objectifs de Phos4Cycle, centr\u00e9s sur la promotion d\u2019une agriculture plus durable dans le sud-ouest europ\u00e9en gr\u00e2ce \u00e0 la r\u00e9cup\u00e9ration et \u00e0 la valorisation des phosphates.<\/div>\n<div class=\"ewa-rteLine\"><\/div>\n<div class=\"ewa-rteLine\">La prochaine r\u00e9union du consortium aura lieu en avril 2026.<\/div>\n<div class=\"ewa-rteLine\">Plus d\u2019informations sur le projet : <a href=\"https:\/\/interreg-sudoe.eu\/fr\/proyecto-interreg\/phos4cycle\/\">https:\/\/interreg-sudoe.eu\/fr\/proyecto-interreg\/phos4cycle\/<\/a><\/div>\n<p><img loading=\"lazy\" decoding=\"async\" class=\"aligncenter size-full wp-image-2625\" src=\"https:\/\/iniciativas-innovadoras.es\/wp-content\/uploads\/2025\/10\/PXL_20251008_110432403-scaled.jpg\" alt=\"\" width=\"2560\" height=\"1440\" srcset=\"https:\/\/iniciativas-innovadoras.es\/wp-content\/uploads\/2025\/10\/PXL_20251008_110432403-scaled.jpg 2560w, https:\/\/iniciativas-innovadoras.es\/wp-content\/uploads\/2025\/10\/PXL_20251008_110432403-1280x720.jpg 1280w, https:\/\/iniciativas-innovadoras.es\/wp-content\/uploads\/2025\/10\/PXL_20251008_110432403-980x551.jpg 980w, https:\/\/iniciativas-innovadoras.es\/wp-content\/uploads\/2025\/10\/PXL_20251008_110432403-480x270.jpg 480w\" sizes=\"(min-width: 0px) and (max-width: 480px) 480px, (min-width: 481px) and (max-width: 980px) 980px, (min-width: 981px) and (max-width: 1280px) 1280px, (min-width: 1281px) 2560px, 100vw\" \/><\/p>\n","protected":false},"excerpt":{"rendered":"<p>La quatri\u00e8me r\u00e9union du consortium du projet Interreg Sudoe Phos4Cycle s\u2019est tenue les 7 et 8 octobre 2025 \u00e0 Coimbra, marquant la premi\u00e8re \u00e9dition de cette rencontre au Portugal. L\u2019\u00e9v\u00e9nement a \u00e9t\u00e9 organis\u00e9 par le Polit\u00e9cnico de Coimbra (LinkedIn) et a r\u00e9uni les neuf partenaires du projet : itagra.ct, Itavi (Institut Technique de l&rsquo;Aviculture, Pisciculture [&hellip;]<\/p>\n","protected":false},"author":2,"featured_media":2775,"comment_status":"open","ping_status":"open","sticky":false,"template":"","format":"standard","meta":{"_acf_changed":false,"inline_featured_image":false,"footnotes":""},"categories":[3],"tags":[],"class_list":["post-2773","post","type-post","status-publish","format-standard","has-post-thumbnail","hentry","category-non-categorise"],"acf":[],"yoast_head":"<!-- This site is optimized with the Yoast SEO plugin v27.5 - https:\/\/yoast.com\/product\/yoast-seo-wordpress\/ -->\n<title>Le projet Phos4Cycle tient sa quatri\u00e8me r\u00e9union \u00e0 Coimbra pour progresser vers une agriculture plus durable dans le sud-ouest europ\u00e9en - Iniciativas Innovadoras<\/title>\n<meta name=\"robots\" content=\"index, follow, max-snippet:-1, max-image-preview:large, max-video-preview:-1\" \/>\n<link rel=\"canonical\" href=\"https:\/\/iniciativas-innovadoras.es\/fr\/actualites\/le-projet-phos4cycle-tient-sa-quatrieme-reunion-a-coimbra-pour-progresser-vers-une-agriculture-plus-durable-dans-le-sud-ouest-europeen\/\" \/>\n<meta property=\"og:locale\" content=\"fr_FR\" \/>\n<meta property=\"og:type\" content=\"article\" \/>\n<meta property=\"og:title\" content=\"Le projet Phos4Cycle tient sa quatri\u00e8me r\u00e9union \u00e0 Coimbra pour progresser vers une agriculture plus durable dans le sud-ouest europ\u00e9en - Iniciativas Innovadoras\" \/>\n<meta property=\"og:description\" content=\"La quatri\u00e8me r\u00e9union du consortium du projet Interreg Sudoe Phos4Cycle s\u2019est tenue les 7 et 8 octobre 2025 \u00e0 Coimbra, marquant la premi\u00e8re \u00e9dition de cette rencontre au Portugal. L\u2019\u00e9v\u00e9nement a \u00e9t\u00e9 organis\u00e9 par le Polit\u00e9cnico de Coimbra (LinkedIn) et a r\u00e9uni les neuf partenaires du projet : itagra.ct, Itavi (Institut Technique de l&rsquo;Aviculture, Pisciculture [&hellip;]\" \/>\n<meta property=\"og:url\" content=\"https:\/\/iniciativas-innovadoras.es\/fr\/actualites\/le-projet-phos4cycle-tient-sa-quatrieme-reunion-a-coimbra-pour-progresser-vers-une-agriculture-plus-durable-dans-le-sud-ouest-europeen\/\" \/>\n<meta property=\"og:site_name\" content=\"Iniciativas Innovadoras\" \/>\n<meta property=\"article:published_time\" content=\"2025-10-14T14:57:20+00:00\" \/>\n<meta property=\"article:modified_time\" content=\"2025-10-17T09:05:05+00:00\" \/>\n<meta property=\"og:image\" content=\"https:\/\/iniciativas-innovadoras.es\/wp-content\/uploads\/2025\/10\/IMG-20251009-WA0004-e1760454640345.jpg\" \/>\n\t<meta property=\"og:image:width\" content=\"2000\" \/>\n\t<meta property=\"og:image:height\" content=\"1083\" \/>\n\t<meta property=\"og:image:type\" content=\"image\/jpeg\" \/>\n<meta name=\"author\" content=\"Iniciativas Innovadoras\" \/>\n<meta name=\"twitter:card\" content=\"summary_large_image\" \/>\n<meta name=\"twitter:creator\" content=\"@iniciativas_in\" \/>\n<meta name=\"twitter:site\" content=\"@iniciativas_in\" \/>\n<meta name=\"twitter:label1\" content=\"\u00c9crit par\" \/>\n\t<meta name=\"twitter:data1\" content=\"Iniciativas Innovadoras\" \/>\n\t<meta name=\"twitter:label2\" content=\"Dur\u00e9e de lecture estim\u00e9e\" \/>\n\t<meta name=\"twitter:data2\" content=\"2 minutes\" \/>\n<script type=\"application\/ld+json\" class=\"yoast-schema-graph\">{\"@context\":\"https:\\\/\\\/schema.org\",\"@graph\":[{\"@type\":\"Article\",\"@id\":\"https:\\\/\\\/iniciativas-innovadoras.es\\\/fr\\\/actualites\\\/le-projet-phos4cycle-tient-sa-quatrieme-reunion-a-coimbra-pour-progresser-vers-une-agriculture-plus-durable-dans-le-sud-ouest-europeen\\\/#article\",\"isPartOf\":{\"@id\":\"https:\\\/\\\/iniciativas-innovadoras.es\\\/fr\\\/actualites\\\/le-projet-phos4cycle-tient-sa-quatrieme-reunion-a-coimbra-pour-progresser-vers-une-agriculture-plus-durable-dans-le-sud-ouest-europeen\\\/\"},\"author\":{\"name\":\"Iniciativas Innovadoras\",\"@id\":\"https:\\\/\\\/iniciativas-innovadoras.es\\\/fr\\\/#\\\/schema\\\/person\\\/5d35f7ba599484657152087cd1f109c0\"},\"headline\":\"Le projet Phos4Cycle tient sa quatri\u00e8me r\u00e9union \u00e0 Coimbra pour progresser vers une agriculture plus durable dans le sud-ouest europ\u00e9en\",\"datePublished\":\"2025-10-14T14:57:20+00:00\",\"dateModified\":\"2025-10-17T09:05:05+00:00\",\"mainEntityOfPage\":{\"@id\":\"https:\\\/\\\/iniciativas-innovadoras.es\\\/fr\\\/actualites\\\/le-projet-phos4cycle-tient-sa-quatrieme-reunion-a-coimbra-pour-progresser-vers-une-agriculture-plus-durable-dans-le-sud-ouest-europeen\\\/\"},\"wordCount\":328,\"commentCount\":0,\"publisher\":{\"@id\":\"https:\\\/\\\/iniciativas-innovadoras.es\\\/fr\\\/#organization\"},\"image\":{\"@id\":\"https:\\\/\\\/iniciativas-innovadoras.es\\\/fr\\\/actualites\\\/le-projet-phos4cycle-tient-sa-quatrieme-reunion-a-coimbra-pour-progresser-vers-une-agriculture-plus-durable-dans-le-sud-ouest-europeen\\\/#primaryimage\"},\"thumbnailUrl\":\"https:\\\/\\\/iniciativas-innovadoras.es\\\/wp-content\\\/uploads\\\/2025\\\/10\\\/IMG-20251009-WA0004-e1760454640345.jpg\",\"articleSection\":[\"Non cat\u00e9goris\u00e9\"],\"inLanguage\":\"fr-FR\",\"potentialAction\":[{\"@type\":\"CommentAction\",\"name\":\"Comment\",\"target\":[\"https:\\\/\\\/iniciativas-innovadoras.es\\\/fr\\\/actualites\\\/le-projet-phos4cycle-tient-sa-quatrieme-reunion-a-coimbra-pour-progresser-vers-une-agriculture-plus-durable-dans-le-sud-ouest-europeen\\\/#respond\"]}]},{\"@type\":\"WebPage\",\"@id\":\"https:\\\/\\\/iniciativas-innovadoras.es\\\/fr\\\/actualites\\\/le-projet-phos4cycle-tient-sa-quatrieme-reunion-a-coimbra-pour-progresser-vers-une-agriculture-plus-durable-dans-le-sud-ouest-europeen\\\/\",\"url\":\"https:\\\/\\\/iniciativas-innovadoras.es\\\/fr\\\/actualites\\\/le-projet-phos4cycle-tient-sa-quatrieme-reunion-a-coimbra-pour-progresser-vers-une-agriculture-plus-durable-dans-le-sud-ouest-europeen\\\/\",\"name\":\"Le projet Phos4Cycle tient sa quatri\u00e8me r\u00e9union \u00e0 Coimbra pour progresser vers une agriculture plus durable dans le sud-ouest europ\u00e9en - Iniciativas Innovadoras\",\"isPartOf\":{\"@id\":\"https:\\\/\\\/iniciativas-innovadoras.es\\\/fr\\\/#website\"},\"primaryImageOfPage\":{\"@id\":\"https:\\\/\\\/iniciativas-innovadoras.es\\\/fr\\\/actualites\\\/le-projet-phos4cycle-tient-sa-quatrieme-reunion-a-coimbra-pour-progresser-vers-une-agriculture-plus-durable-dans-le-sud-ouest-europeen\\\/#primaryimage\"},\"image\":{\"@id\":\"https:\\\/\\\/iniciativas-innovadoras.es\\\/fr\\\/actualites\\\/le-projet-phos4cycle-tient-sa-quatrieme-reunion-a-coimbra-pour-progresser-vers-une-agriculture-plus-durable-dans-le-sud-ouest-europeen\\\/#primaryimage\"},\"thumbnailUrl\":\"https:\\\/\\\/iniciativas-innovadoras.es\\\/wp-content\\\/uploads\\\/2025\\\/10\\\/IMG-20251009-WA0004-e1760454640345.jpg\",\"datePublished\":\"2025-10-14T14:57:20+00:00\",\"dateModified\":\"2025-10-17T09:05:05+00:00\",\"breadcrumb\":{\"@id\":\"https:\\\/\\\/iniciativas-innovadoras.es\\\/fr\\\/actualites\\\/le-projet-phos4cycle-tient-sa-quatrieme-reunion-a-coimbra-pour-progresser-vers-une-agriculture-plus-durable-dans-le-sud-ouest-europeen\\\/#breadcrumb\"},\"inLanguage\":\"fr-FR\",\"potentialAction\":[{\"@type\":\"ReadAction\",\"target\":[\"https:\\\/\\\/iniciativas-innovadoras.es\\\/fr\\\/actualites\\\/le-projet-phos4cycle-tient-sa-quatrieme-reunion-a-coimbra-pour-progresser-vers-une-agriculture-plus-durable-dans-le-sud-ouest-europeen\\\/\"]}]},{\"@type\":\"ImageObject\",\"inLanguage\":\"fr-FR\",\"@id\":\"https:\\\/\\\/iniciativas-innovadoras.es\\\/fr\\\/actualites\\\/le-projet-phos4cycle-tient-sa-quatrieme-reunion-a-coimbra-pour-progresser-vers-une-agriculture-plus-durable-dans-le-sud-ouest-europeen\\\/#primaryimage\",\"url\":\"https:\\\/\\\/iniciativas-innovadoras.es\\\/wp-content\\\/uploads\\\/2025\\\/10\\\/IMG-20251009-WA0004-e1760454640345.jpg\",\"contentUrl\":\"https:\\\/\\\/iniciativas-innovadoras.es\\\/wp-content\\\/uploads\\\/2025\\\/10\\\/IMG-20251009-WA0004-e1760454640345.jpg\",\"width\":2000,\"height\":1083},{\"@type\":\"BreadcrumbList\",\"@id\":\"https:\\\/\\\/iniciativas-innovadoras.es\\\/fr\\\/actualites\\\/le-projet-phos4cycle-tient-sa-quatrieme-reunion-a-coimbra-pour-progresser-vers-une-agriculture-plus-durable-dans-le-sud-ouest-europeen\\\/#breadcrumb\",\"itemListElement\":[{\"@type\":\"ListItem\",\"position\":1,\"name\":\"Portada\",\"item\":\"https:\\\/\\\/iniciativas-innovadoras.es\\\/fr\\\/\"},{\"@type\":\"ListItem\",\"position\":2,\"name\":\"Le projet Phos4Cycle tient sa quatri\u00e8me r\u00e9union \u00e0 Coimbra pour progresser vers une agriculture plus durable dans le sud-ouest europ\u00e9en\"}]},{\"@type\":\"WebSite\",\"@id\":\"https:\\\/\\\/iniciativas-innovadoras.es\\\/fr\\\/#website\",\"url\":\"https:\\\/\\\/iniciativas-innovadoras.es\\\/fr\\\/\",\"name\":\"Iniciativas Innovadoras\",\"description\":\"Transformamos ideas en proyectos\",\"publisher\":{\"@id\":\"https:\\\/\\\/iniciativas-innovadoras.es\\\/fr\\\/#organization\"},\"potentialAction\":[{\"@type\":\"SearchAction\",\"target\":{\"@type\":\"EntryPoint\",\"urlTemplate\":\"https:\\\/\\\/iniciativas-innovadoras.es\\\/fr\\\/?s={search_term_string}\"},\"query-input\":{\"@type\":\"PropertyValueSpecification\",\"valueRequired\":true,\"valueName\":\"search_term_string\"}}],\"inLanguage\":\"fr-FR\"},{\"@type\":\"Organization\",\"@id\":\"https:\\\/\\\/iniciativas-innovadoras.es\\\/fr\\\/#organization\",\"name\":\"Iniciativas Innovadoras\",\"url\":\"https:\\\/\\\/iniciativas-innovadoras.es\\\/fr\\\/\",\"logo\":{\"@type\":\"ImageObject\",\"inLanguage\":\"fr-FR\",\"@id\":\"https:\\\/\\\/iniciativas-innovadoras.es\\\/fr\\\/#\\\/schema\\\/logo\\\/image\\\/\",\"url\":\"https:\\\/\\\/iniciativas-innovadoras.es\\\/wp-content\\\/uploads\\\/2025\\\/10\\\/iniciativas-innovadoras-logo-vertical.png\",\"contentUrl\":\"https:\\\/\\\/iniciativas-innovadoras.es\\\/wp-content\\\/uploads\\\/2025\\\/10\\\/iniciativas-innovadoras-logo-vertical.png\",\"width\":696,\"height\":696,\"caption\":\"Iniciativas Innovadoras\"},\"image\":{\"@id\":\"https:\\\/\\\/iniciativas-innovadoras.es\\\/fr\\\/#\\\/schema\\\/logo\\\/image\\\/\"},\"sameAs\":[\"https:\\\/\\\/x.com\\\/iniciativas_in\",\"https:\\\/\\\/www.linkedin.com\\\/company\\\/iniciativasinnovadoras\\\/\"]},{\"@type\":\"Person\",\"@id\":\"https:\\\/\\\/iniciativas-innovadoras.es\\\/fr\\\/#\\\/schema\\\/person\\\/5d35f7ba599484657152087cd1f109c0\",\"name\":\"Iniciativas Innovadoras\",\"image\":{\"@type\":\"ImageObject\",\"inLanguage\":\"fr-FR\",\"@id\":\"https:\\\/\\\/secure.gravatar.com\\\/avatar\\\/c5ac29f5d5751d4bde351bb99c82b1e2bc940926a82097143aa58a7ad553b409?s=96&d=mm&r=g\",\"url\":\"https:\\\/\\\/secure.gravatar.com\\\/avatar\\\/c5ac29f5d5751d4bde351bb99c82b1e2bc940926a82097143aa58a7ad553b409?s=96&d=mm&r=g\",\"contentUrl\":\"https:\\\/\\\/secure.gravatar.com\\\/avatar\\\/c5ac29f5d5751d4bde351bb99c82b1e2bc940926a82097143aa58a7ad553b409?s=96&d=mm&r=g\",\"caption\":\"Iniciativas Innovadoras\"}}]}<\/script>\n<!-- \/ Yoast SEO plugin. -->","yoast_head_json":{"title":"Le projet Phos4Cycle tient sa quatri\u00e8me r\u00e9union \u00e0 Coimbra pour progresser vers une agriculture plus durable dans le sud-ouest europ\u00e9en - Iniciativas Innovadoras","robots":{"index":"index","follow":"follow","max-snippet":"max-snippet:-1","max-image-preview":"max-image-preview:large","max-video-preview":"max-video-preview:-1"},"canonical":"https:\/\/iniciativas-innovadoras.es\/fr\/actualites\/le-projet-phos4cycle-tient-sa-quatrieme-reunion-a-coimbra-pour-progresser-vers-une-agriculture-plus-durable-dans-le-sud-ouest-europeen\/","og_locale":"fr_FR","og_type":"article","og_title":"Le projet Phos4Cycle tient sa quatri\u00e8me r\u00e9union \u00e0 Coimbra pour progresser vers une agriculture plus durable dans le sud-ouest europ\u00e9en - Iniciativas Innovadoras","og_description":"La quatri\u00e8me r\u00e9union du consortium du projet Interreg Sudoe Phos4Cycle s\u2019est tenue les 7 et 8 octobre 2025 \u00e0 Coimbra, marquant la premi\u00e8re \u00e9dition de cette rencontre au Portugal. L\u2019\u00e9v\u00e9nement a \u00e9t\u00e9 organis\u00e9 par le Polit\u00e9cnico de Coimbra (LinkedIn) et a r\u00e9uni les neuf partenaires du projet : itagra.ct, Itavi (Institut Technique de l&rsquo;Aviculture, Pisciculture [&hellip;]","og_url":"https:\/\/iniciativas-innovadoras.es\/fr\/actualites\/le-projet-phos4cycle-tient-sa-quatrieme-reunion-a-coimbra-pour-progresser-vers-une-agriculture-plus-durable-dans-le-sud-ouest-europeen\/","og_site_name":"Iniciativas Innovadoras","article_published_time":"2025-10-14T14:57:20+00:00","article_modified_time":"2025-10-17T09:05:05+00:00","og_image":[{"width":2000,"height":1083,"url":"https:\/\/iniciativas-innovadoras.es\/wp-content\/uploads\/2025\/10\/IMG-20251009-WA0004-e1760454640345.jpg","type":"image\/jpeg"}],"author":"Iniciativas Innovadoras","twitter_card":"summary_large_image","twitter_creator":"@iniciativas_in","twitter_site":"@iniciativas_in","twitter_misc":{"\u00c9crit par":"Iniciativas Innovadoras","Dur\u00e9e de lecture estim\u00e9e":"2 minutes"},"schema":{"@context":"https:\/\/schema.org","@graph":[{"@type":"Article","@id":"https:\/\/iniciativas-innovadoras.es\/fr\/actualites\/le-projet-phos4cycle-tient-sa-quatrieme-reunion-a-coimbra-pour-progresser-vers-une-agriculture-plus-durable-dans-le-sud-ouest-europeen\/#article","isPartOf":{"@id":"https:\/\/iniciativas-innovadoras.es\/fr\/actualites\/le-projet-phos4cycle-tient-sa-quatrieme-reunion-a-coimbra-pour-progresser-vers-une-agriculture-plus-durable-dans-le-sud-ouest-europeen\/"},"author":{"name":"Iniciativas Innovadoras","@id":"https:\/\/iniciativas-innovadoras.es\/fr\/#\/schema\/person\/5d35f7ba599484657152087cd1f109c0"},"headline":"Le projet Phos4Cycle tient sa quatri\u00e8me r\u00e9union \u00e0 Coimbra pour progresser vers une agriculture plus durable dans le sud-ouest europ\u00e9en","datePublished":"2025-10-14T14:57:20+00:00","dateModified":"2025-10-17T09:05:05+00:00","mainEntityOfPage":{"@id":"https:\/\/iniciativas-innovadoras.es\/fr\/actualites\/le-projet-phos4cycle-tient-sa-quatrieme-reunion-a-coimbra-pour-progresser-vers-une-agriculture-plus-durable-dans-le-sud-ouest-europeen\/"},"wordCount":328,"commentCount":0,"publisher":{"@id":"https:\/\/iniciativas-innovadoras.es\/fr\/#organization"},"image":{"@id":"https:\/\/iniciativas-innovadoras.es\/fr\/actualites\/le-projet-phos4cycle-tient-sa-quatrieme-reunion-a-coimbra-pour-progresser-vers-une-agriculture-plus-durable-dans-le-sud-ouest-europeen\/#primaryimage"},"thumbnailUrl":"https:\/\/iniciativas-innovadoras.es\/wp-content\/uploads\/2025\/10\/IMG-20251009-WA0004-e1760454640345.jpg","articleSection":["Non cat\u00e9goris\u00e9"],"inLanguage":"fr-FR","potentialAction":[{"@type":"CommentAction","name":"Comment","target":["https:\/\/iniciativas-innovadoras.es\/fr\/actualites\/le-projet-phos4cycle-tient-sa-quatrieme-reunion-a-coimbra-pour-progresser-vers-une-agriculture-plus-durable-dans-le-sud-ouest-europeen\/#respond"]}]},{"@type":"WebPage","@id":"https:\/\/iniciativas-innovadoras.es\/fr\/actualites\/le-projet-phos4cycle-tient-sa-quatrieme-reunion-a-coimbra-pour-progresser-vers-une-agriculture-plus-durable-dans-le-sud-ouest-europeen\/","url":"https:\/\/iniciativas-innovadoras.es\/fr\/actualites\/le-projet-phos4cycle-tient-sa-quatrieme-reunion-a-coimbra-pour-progresser-vers-une-agriculture-plus-durable-dans-le-sud-ouest-europeen\/","name":"Le projet Phos4Cycle tient sa quatri\u00e8me r\u00e9union \u00e0 Coimbra pour progresser vers une agriculture plus durable dans le sud-ouest europ\u00e9en - Iniciativas Innovadoras","isPartOf":{"@id":"https:\/\/iniciativas-innovadoras.es\/fr\/#website"},"primaryImageOfPage":{"@id":"https:\/\/iniciativas-innovadoras.es\/fr\/actualites\/le-projet-phos4cycle-tient-sa-quatrieme-reunion-a-coimbra-pour-progresser-vers-une-agriculture-plus-durable-dans-le-sud-ouest-europeen\/#primaryimage"},"image":{"@id":"https:\/\/iniciativas-innovadoras.es\/fr\/actualites\/le-projet-phos4cycle-tient-sa-quatrieme-reunion-a-coimbra-pour-progresser-vers-une-agriculture-plus-durable-dans-le-sud-ouest-europeen\/#primaryimage"},"thumbnailUrl":"https:\/\/iniciativas-innovadoras.es\/wp-content\/uploads\/2025\/10\/IMG-20251009-WA0004-e1760454640345.jpg","datePublished":"2025-10-14T14:57:20+00:00","dateModified":"2025-10-17T09:05:05+00:00","breadcrumb":{"@id":"https:\/\/iniciativas-innovadoras.es\/fr\/actualites\/le-projet-phos4cycle-tient-sa-quatrieme-reunion-a-coimbra-pour-progresser-vers-une-agriculture-plus-durable-dans-le-sud-ouest-europeen\/#breadcrumb"},"inLanguage":"fr-FR","potentialAction":[{"@type":"ReadAction","target":["https:\/\/iniciativas-innovadoras.es\/fr\/actualites\/le-projet-phos4cycle-tient-sa-quatrieme-reunion-a-coimbra-pour-progresser-vers-une-agriculture-plus-durable-dans-le-sud-ouest-europeen\/"]}]},{"@type":"ImageObject","inLanguage":"fr-FR","@id":"https:\/\/iniciativas-innovadoras.es\/fr\/actualites\/le-projet-phos4cycle-tient-sa-quatrieme-reunion-a-coimbra-pour-progresser-vers-une-agriculture-plus-durable-dans-le-sud-ouest-europeen\/#primaryimage","url":"https:\/\/iniciativas-innovadoras.es\/wp-content\/uploads\/2025\/10\/IMG-20251009-WA0004-e1760454640345.jpg","contentUrl":"https:\/\/iniciativas-innovadoras.es\/wp-content\/uploads\/2025\/10\/IMG-20251009-WA0004-e1760454640345.jpg","width":2000,"height":1083},{"@type":"BreadcrumbList","@id":"https:\/\/iniciativas-innovadoras.es\/fr\/actualites\/le-projet-phos4cycle-tient-sa-quatrieme-reunion-a-coimbra-pour-progresser-vers-une-agriculture-plus-durable-dans-le-sud-ouest-europeen\/#breadcrumb","itemListElement":[{"@type":"ListItem","position":1,"name":"Portada","item":"https:\/\/iniciativas-innovadoras.es\/fr\/"},{"@type":"ListItem","position":2,"name":"Le projet Phos4Cycle tient sa quatri\u00e8me r\u00e9union \u00e0 Coimbra pour progresser vers une agriculture plus durable dans le sud-ouest europ\u00e9en"}]},{"@type":"WebSite","@id":"https:\/\/iniciativas-innovadoras.es\/fr\/#website","url":"https:\/\/iniciativas-innovadoras.es\/fr\/","name":"Iniciativas Innovadoras","description":"Transformamos ideas en proyectos","publisher":{"@id":"https:\/\/iniciativas-innovadoras.es\/fr\/#organization"},"potentialAction":[{"@type":"SearchAction","target":{"@type":"EntryPoint","urlTemplate":"https:\/\/iniciativas-innovadoras.es\/fr\/?s={search_term_string}"},"query-input":{"@type":"PropertyValueSpecification","valueRequired":true,"valueName":"search_term_string"}}],"inLanguage":"fr-FR"},{"@type":"Organization","@id":"https:\/\/iniciativas-innovadoras.es\/fr\/#organization","name":"Iniciativas Innovadoras","url":"https:\/\/iniciativas-innovadoras.es\/fr\/","logo":{"@type":"ImageObject","inLanguage":"fr-FR","@id":"https:\/\/iniciativas-innovadoras.es\/fr\/#\/schema\/logo\/image\/","url":"https:\/\/iniciativas-innovadoras.es\/wp-content\/uploads\/2025\/10\/iniciativas-innovadoras-logo-vertical.png","contentUrl":"https:\/\/iniciativas-innovadoras.es\/wp-content\/uploads\/2025\/10\/iniciativas-innovadoras-logo-vertical.png","width":696,"height":696,"caption":"Iniciativas Innovadoras"},"image":{"@id":"https:\/\/iniciativas-innovadoras.es\/fr\/#\/schema\/logo\/image\/"},"sameAs":["https:\/\/x.com\/iniciativas_in","https:\/\/www.linkedin.com\/company\/iniciativasinnovadoras\/"]},{"@type":"Person","@id":"https:\/\/iniciativas-innovadoras.es\/fr\/#\/schema\/person\/5d35f7ba599484657152087cd1f109c0","name":"Iniciativas Innovadoras","image":{"@type":"ImageObject","inLanguage":"fr-FR","@id":"https:\/\/secure.gravatar.com\/avatar\/c5ac29f5d5751d4bde351bb99c82b1e2bc940926a82097143aa58a7ad553b409?s=96&d=mm&r=g","url":"https:\/\/secure.gravatar.com\/avatar\/c5ac29f5d5751d4bde351bb99c82b1e2bc940926a82097143aa58a7ad553b409?s=96&d=mm&r=g","contentUrl":"https:\/\/secure.gravatar.com\/avatar\/c5ac29f5d5751d4bde351bb99c82b1e2bc940926a82097143aa58a7ad553b409?s=96&d=mm&r=g","caption":"Iniciativas Innovadoras"}}]}},"_links":{"self":[{"href":"https:\/\/iniciativas-innovadoras.es\/fr\/wp-json\/wp\/v2\/posts\/2773","targetHints":{"allow":["GET"]}}],"collection":[{"href":"https:\/\/iniciativas-innovadoras.es\/fr\/wp-json\/wp\/v2\/posts"}],"about":[{"href":"https:\/\/iniciativas-innovadoras.es\/fr\/wp-json\/wp\/v2\/types\/post"}],"author":[{"embeddable":true,"href":"https:\/\/iniciativas-innovadoras.es\/fr\/wp-json\/wp\/v2\/users\/2"}],"replies":[{"embeddable":true,"href":"https:\/\/iniciativas-innovadoras.es\/fr\/wp-json\/wp\/v2\/comments?post=2773"}],"version-history":[{"count":3,"href":"https:\/\/iniciativas-innovadoras.es\/fr\/wp-json\/wp\/v2\/posts\/2773\/revisions"}],"predecessor-version":[{"id":2828,"href":"https:\/\/iniciativas-innovadoras.es\/fr\/wp-json\/wp\/v2\/posts\/2773\/revisions\/2828"}],"wp:featuredmedia":[{"embeddable":true,"href":"https:\/\/iniciativas-innovadoras.es\/fr\/wp-json\/wp\/v2\/media\/2775"}],"wp:attachment":[{"href":"https:\/\/iniciativas-innovadoras.es\/fr\/wp-json\/wp\/v2\/media?parent=2773"}],"wp:term":[{"taxonomy":"category","embeddable":true,"href":"https:\/\/iniciativas-innovadoras.es\/fr\/wp-json\/wp\/v2\/categories?post=2773"},{"taxonomy":"post_tag","embeddable":true,"href":"https:\/\/iniciativas-innovadoras.es\/fr\/wp-json\/wp\/v2\/tags?post=2773"}],"curies":[{"name":"wp","href":"https:\/\/api.w.org\/{rel}","templated":true}]}}