{"id":2725,"date":"2024-03-27T04:27:29","date_gmt":"2024-03-27T02:27:29","guid":{"rendered":"https:\/\/iniciativas-innovadoras.es\/actualidad\/iniciativas-innovadoras-en-la-comision-de-datos-e-inteligencia-artificial-de-atana\/"},"modified":"2025-10-15T11:35:36","modified_gmt":"2025-10-15T09:35:36","slug":"iniciativas-innovadoras-en-la-comision-de-datos-e-inteligencia-artificial-de-atana","status":"publish","type":"post","link":"https:\/\/iniciativas-innovadoras.es\/eu\/berriak\/iniciativas-innovadoras-en-la-comision-de-datos-e-inteligencia-artificial-de-atana\/","title":{"rendered":"INICIATIVAS INNOVADORAS en la comisi\u00f3n de Datos e Inteligencia Artificial de ATANA"},"content":{"rendered":"<p>Este\u00a0martes 26 de marzo ha tenido lugar la primera reuni\u00f3n de la comisi\u00f3n de<strong> Datos e Inteligencia Artificial de ATANA<\/strong>, que ha vuelto a reactivar sus comisiones de trabajo con el objetivo de recuperar un cluster m\u00e1s colaborativo y proactivo. La reactivaci\u00f3n de esta comisi\u00f3n se integra en las diferentes acciones que ATANA ha llevado a cabo en el liderazgo del desarrollo de la estrategia de IA en Navarra.<\/p>\n<p><strong>INICIATIVAS INNOVADORAS<\/strong> forma parte de esta comisi\u00f3n, junto con las siguientes entidades asociadas: Larraby, Marisa Alonso, DataValue Management, Arpa, Conasa, Eulza Consultor\u00eda, Tigloo, CyC, Atecna y CW Consulting.<\/p>\n<p>La metodolog\u00eda de trabajo que seguir\u00e1 esta comisi\u00f3n ser\u00e1 la formaci\u00f3n de mesas de trabajo en las que se generen proyectos en los que los asociados puedan trabajar de manera conjunta. Inicialmente se formar\u00e1n hasta tres mesas de trabajo existiendo siempre la posibilidad de que surjan\u00a0 nuevas l\u00edneas de trabajo a ra\u00edz de la interacci\u00f3n y necesidades de los participantes.<\/p>\n<p>En la sesi\u00f3n de hoy se han presentado tres\u00a0mesas de trabajo: En primer lugar, <strong>Inteligencia Artificial y empresas de consultor\u00eda,<\/strong>\u00a0cuyo\u00a0objetivo es analizar y encontrar puntos de colaboraci\u00f3n mixta, conocer l\u00edneas de investigaci\u00f3n y analizar diferentes casos de \u00e9xito. En segundo lugar,\u00a0<strong>Mutua Navarra, <\/strong>que se ha dirigido a ATANA con el fin de encontrar a un grupo de personas expertas que les pueda acompa\u00f1ar en su plan de modernizaci\u00f3n global. Y, por \u00faltimo, la mesa de trabajo dedicada al <strong>Programa Espacios de Datos Sectoriales<\/strong>. La comisi\u00f3n DIA entiende que las l\u00edneas de ayuda de Espacios de Datos Sectoriales es un Programa de la Secretar\u00eda de Estado de Digitalizaci\u00f3n e Inteligencia Artificial son una gran oportunidad para poder desarrollar proyectos conjuntos.<\/p>\n<p>Durante esta primera reuni\u00f3n se ha establecido un orden de prioridades para poner en marcha los diferentes programas en las pr\u00f3ximas reuniones.<\/p>\n<p style=\"text-align: right;\"><strong><em>Informaci\u00f3n obtenida de ATANA.<\/em><\/strong><\/p>\n","protected":false},"excerpt":{"rendered":"<p>Este\u00a0martes 26 de marzo ha tenido lugar la primera reuni\u00f3n de la comisi\u00f3n de Datos e Inteligencia Artificial de ATANA, que ha vuelto a reactivar sus comisiones de trabajo con el objetivo de recuperar un cluster m\u00e1s colaborativo y proactivo. La reactivaci\u00f3n de esta comisi\u00f3n se integra en las diferentes acciones que ATANA ha llevado [&hellip;]<\/p>\n","protected":false},"author":2,"featured_media":1313,"comment_status":"open","ping_status":"open","sticky":false,"template":"","format":"standard","meta":{"_acf_changed":false,"inline_featured_image":false,"footnotes":""},"categories":[],"tags":[],"class_list":["post-2725","post","type-post","status-publish","format-standard","has-post-thumbnail","hentry"],"acf":[],"yoast_head":"<!-- This site is optimized with the Yoast SEO plugin v27.5 - https:\/\/yoast.com\/product\/yoast-seo-wordpress\/ -->\n<title>INICIATIVAS INNOVADORAS en la comisi\u00f3n de Datos e Inteligencia Artificial de ATANA - Iniciativas Innovadoras<\/title>\n<meta name=\"robots\" content=\"index, follow, max-snippet:-1, max-image-preview:large, max-video-preview:-1\" \/>\n<link rel=\"canonical\" href=\"https:\/\/iniciativas-innovadoras.es\/eu\/berriak\/iniciativas-innovadoras-en-la-comision-de-datos-e-inteligencia-artificial-de-atana\/\" \/>\n<meta property=\"og:locale\" content=\"eu_ES\" \/>\n<meta property=\"og:type\" content=\"article\" \/>\n<meta property=\"og:title\" content=\"INICIATIVAS INNOVADORAS en la comisi\u00f3n de Datos e Inteligencia Artificial de ATANA - Iniciativas Innovadoras\" \/>\n<meta property=\"og:description\" content=\"Este\u00a0martes 26 de marzo ha tenido lugar la primera reuni\u00f3n de la comisi\u00f3n de Datos e Inteligencia Artificial de ATANA, que ha vuelto a reactivar sus comisiones de trabajo con el objetivo de recuperar un cluster m\u00e1s colaborativo y proactivo. La reactivaci\u00f3n de esta comisi\u00f3n se integra en las diferentes acciones que ATANA ha llevado [&hellip;]\" \/>\n<meta property=\"og:url\" content=\"https:\/\/iniciativas-innovadoras.es\/eu\/berriak\/iniciativas-innovadoras-en-la-comision-de-datos-e-inteligencia-artificial-de-atana\/\" \/>\n<meta property=\"og:site_name\" content=\"Iniciativas Innovadoras\" \/>\n<meta property=\"article:published_time\" content=\"2024-03-27T02:27:29+00:00\" \/>\n<meta property=\"article:modified_time\" content=\"2025-10-15T09:35:36+00:00\" \/>\n<meta property=\"og:image\" content=\"https:\/\/iniciativas-innovadoras.es\/wp-content\/uploads\/2024\/11\/2024-03-27-noticia-atana-comision-inteligencia_mini.jpg\" \/>\n\t<meta property=\"og:image:width\" content=\"375\" \/>\n\t<meta property=\"og:image:height\" content=\"290\" \/>\n\t<meta property=\"og:image:type\" content=\"image\/jpeg\" \/>\n<meta name=\"author\" content=\"Iniciativas Innovadoras\" \/>\n<meta name=\"twitter:card\" content=\"summary_large_image\" \/>\n<meta name=\"twitter:creator\" content=\"@iniciativas_in\" \/>\n<meta name=\"twitter:site\" content=\"@iniciativas_in\" \/>\n<meta name=\"twitter:label1\" content=\"Written by\" \/>\n\t<meta name=\"twitter:data1\" content=\"Iniciativas Innovadoras\" \/>\n\t<meta name=\"twitter:label2\" content=\"Est. reading time\" \/>\n\t<meta name=\"twitter:data2\" content=\"2 minutes\" \/>\n<script type=\"application\/ld+json\" class=\"yoast-schema-graph\">{\"@context\":\"https:\\\/\\\/schema.org\",\"@graph\":[{\"@type\":\"Article\",\"@id\":\"https:\\\/\\\/iniciativas-innovadoras.es\\\/eu\\\/berriak\\\/iniciativas-innovadoras-en-la-comision-de-datos-e-inteligencia-artificial-de-atana\\\/#article\",\"isPartOf\":{\"@id\":\"https:\\\/\\\/iniciativas-innovadoras.es\\\/eu\\\/berriak\\\/iniciativas-innovadoras-en-la-comision-de-datos-e-inteligencia-artificial-de-atana\\\/\"},\"author\":{\"name\":\"Iniciativas Innovadoras\",\"@id\":\"https:\\\/\\\/iniciativas-innovadoras.es\\\/eu\\\/#\\\/schema\\\/person\\\/5d35f7ba599484657152087cd1f109c0\"},\"headline\":\"INICIATIVAS INNOVADORAS en la comisi\u00f3n de Datos e Inteligencia Artificial de ATANA\",\"datePublished\":\"2024-03-27T02:27:29+00:00\",\"dateModified\":\"2025-10-15T09:35:36+00:00\",\"mainEntityOfPage\":{\"@id\":\"https:\\\/\\\/iniciativas-innovadoras.es\\\/eu\\\/berriak\\\/iniciativas-innovadoras-en-la-comision-de-datos-e-inteligencia-artificial-de-atana\\\/\"},\"wordCount\":347,\"commentCount\":0,\"publisher\":{\"@id\":\"https:\\\/\\\/iniciativas-innovadoras.es\\\/eu\\\/#organization\"},\"image\":{\"@id\":\"https:\\\/\\\/iniciativas-innovadoras.es\\\/eu\\\/berriak\\\/iniciativas-innovadoras-en-la-comision-de-datos-e-inteligencia-artificial-de-atana\\\/#primaryimage\"},\"thumbnailUrl\":\"https:\\\/\\\/iniciativas-innovadoras.es\\\/wp-content\\\/uploads\\\/2024\\\/11\\\/2024-03-27-noticia-atana-comision-inteligencia_mini.jpg\",\"inLanguage\":\"eu-ES\",\"potentialAction\":[{\"@type\":\"CommentAction\",\"name\":\"Comment\",\"target\":[\"https:\\\/\\\/iniciativas-innovadoras.es\\\/eu\\\/berriak\\\/iniciativas-innovadoras-en-la-comision-de-datos-e-inteligencia-artificial-de-atana\\\/#respond\"]}]},{\"@type\":\"WebPage\",\"@id\":\"https:\\\/\\\/iniciativas-innovadoras.es\\\/eu\\\/berriak\\\/iniciativas-innovadoras-en-la-comision-de-datos-e-inteligencia-artificial-de-atana\\\/\",\"url\":\"https:\\\/\\\/iniciativas-innovadoras.es\\\/eu\\\/berriak\\\/iniciativas-innovadoras-en-la-comision-de-datos-e-inteligencia-artificial-de-atana\\\/\",\"name\":\"INICIATIVAS INNOVADORAS en la comisi\u00f3n de Datos e Inteligencia Artificial de ATANA - Iniciativas Innovadoras\",\"isPartOf\":{\"@id\":\"https:\\\/\\\/iniciativas-innovadoras.es\\\/eu\\\/#website\"},\"primaryImageOfPage\":{\"@id\":\"https:\\\/\\\/iniciativas-innovadoras.es\\\/eu\\\/berriak\\\/iniciativas-innovadoras-en-la-comision-de-datos-e-inteligencia-artificial-de-atana\\\/#primaryimage\"},\"image\":{\"@id\":\"https:\\\/\\\/iniciativas-innovadoras.es\\\/eu\\\/berriak\\\/iniciativas-innovadoras-en-la-comision-de-datos-e-inteligencia-artificial-de-atana\\\/#primaryimage\"},\"thumbnailUrl\":\"https:\\\/\\\/iniciativas-innovadoras.es\\\/wp-content\\\/uploads\\\/2024\\\/11\\\/2024-03-27-noticia-atana-comision-inteligencia_mini.jpg\",\"datePublished\":\"2024-03-27T02:27:29+00:00\",\"dateModified\":\"2025-10-15T09:35:36+00:00\",\"breadcrumb\":{\"@id\":\"https:\\\/\\\/iniciativas-innovadoras.es\\\/eu\\\/berriak\\\/iniciativas-innovadoras-en-la-comision-de-datos-e-inteligencia-artificial-de-atana\\\/#breadcrumb\"},\"inLanguage\":\"eu-ES\",\"potentialAction\":[{\"@type\":\"ReadAction\",\"target\":[\"https:\\\/\\\/iniciativas-innovadoras.es\\\/eu\\\/berriak\\\/iniciativas-innovadoras-en-la-comision-de-datos-e-inteligencia-artificial-de-atana\\\/\"]}]},{\"@type\":\"ImageObject\",\"inLanguage\":\"eu-ES\",\"@id\":\"https:\\\/\\\/iniciativas-innovadoras.es\\\/eu\\\/berriak\\\/iniciativas-innovadoras-en-la-comision-de-datos-e-inteligencia-artificial-de-atana\\\/#primaryimage\",\"url\":\"https:\\\/\\\/iniciativas-innovadoras.es\\\/wp-content\\\/uploads\\\/2024\\\/11\\\/2024-03-27-noticia-atana-comision-inteligencia_mini.jpg\",\"contentUrl\":\"https:\\\/\\\/iniciativas-innovadoras.es\\\/wp-content\\\/uploads\\\/2024\\\/11\\\/2024-03-27-noticia-atana-comision-inteligencia_mini.jpg\",\"width\":375,\"height\":290,\"caption\":\"INICIATIVAS INNOVADORAS en la comisi\u00f3n de Datos e Inteligencia Artificial de ATANA\"},{\"@type\":\"BreadcrumbList\",\"@id\":\"https:\\\/\\\/iniciativas-innovadoras.es\\\/eu\\\/berriak\\\/iniciativas-innovadoras-en-la-comision-de-datos-e-inteligencia-artificial-de-atana\\\/#breadcrumb\",\"itemListElement\":[{\"@type\":\"ListItem\",\"position\":1,\"name\":\"Portada\",\"item\":\"https:\\\/\\\/iniciativas-innovadoras.es\\\/eu\\\/\"},{\"@type\":\"ListItem\",\"position\":2,\"name\":\"INICIATIVAS INNOVADORAS en la comisi\u00f3n de Datos e Inteligencia Artificial de ATANA\"}]},{\"@type\":\"WebSite\",\"@id\":\"https:\\\/\\\/iniciativas-innovadoras.es\\\/eu\\\/#website\",\"url\":\"https:\\\/\\\/iniciativas-innovadoras.es\\\/eu\\\/\",\"name\":\"Iniciativas Innovadoras\",\"description\":\"Transformamos ideas en proyectos\",\"publisher\":{\"@id\":\"https:\\\/\\\/iniciativas-innovadoras.es\\\/eu\\\/#organization\"},\"potentialAction\":[{\"@type\":\"SearchAction\",\"target\":{\"@type\":\"EntryPoint\",\"urlTemplate\":\"https:\\\/\\\/iniciativas-innovadoras.es\\\/eu\\\/?s={search_term_string}\"},\"query-input\":{\"@type\":\"PropertyValueSpecification\",\"valueRequired\":true,\"valueName\":\"search_term_string\"}}],\"inLanguage\":\"eu-ES\"},{\"@type\":\"Organization\",\"@id\":\"https:\\\/\\\/iniciativas-innovadoras.es\\\/eu\\\/#organization\",\"name\":\"Iniciativas Innovadoras\",\"url\":\"https:\\\/\\\/iniciativas-innovadoras.es\\\/eu\\\/\",\"logo\":{\"@type\":\"ImageObject\",\"inLanguage\":\"eu-ES\",\"@id\":\"https:\\\/\\\/iniciativas-innovadoras.es\\\/eu\\\/#\\\/schema\\\/logo\\\/image\\\/\",\"url\":\"https:\\\/\\\/iniciativas-innovadoras.es\\\/wp-content\\\/uploads\\\/2025\\\/10\\\/iniciativas-innovadoras-logo-vertical.png\",\"contentUrl\":\"https:\\\/\\\/iniciativas-innovadoras.es\\\/wp-content\\\/uploads\\\/2025\\\/10\\\/iniciativas-innovadoras-logo-vertical.png\",\"width\":696,\"height\":696,\"caption\":\"Iniciativas Innovadoras\"},\"image\":{\"@id\":\"https:\\\/\\\/iniciativas-innovadoras.es\\\/eu\\\/#\\\/schema\\\/logo\\\/image\\\/\"},\"sameAs\":[\"https:\\\/\\\/x.com\\\/iniciativas_in\",\"https:\\\/\\\/www.linkedin.com\\\/company\\\/iniciativasinnovadoras\\\/\"]},{\"@type\":\"Person\",\"@id\":\"https:\\\/\\\/iniciativas-innovadoras.es\\\/eu\\\/#\\\/schema\\\/person\\\/5d35f7ba599484657152087cd1f109c0\",\"name\":\"Iniciativas Innovadoras\",\"image\":{\"@type\":\"ImageObject\",\"inLanguage\":\"eu-ES\",\"@id\":\"https:\\\/\\\/secure.gravatar.com\\\/avatar\\\/c5ac29f5d5751d4bde351bb99c82b1e2bc940926a82097143aa58a7ad553b409?s=96&d=mm&r=g\",\"url\":\"https:\\\/\\\/secure.gravatar.com\\\/avatar\\\/c5ac29f5d5751d4bde351bb99c82b1e2bc940926a82097143aa58a7ad553b409?s=96&d=mm&r=g\",\"contentUrl\":\"https:\\\/\\\/secure.gravatar.com\\\/avatar\\\/c5ac29f5d5751d4bde351bb99c82b1e2bc940926a82097143aa58a7ad553b409?s=96&d=mm&r=g\",\"caption\":\"Iniciativas Innovadoras\"}}]}<\/script>\n<!-- \/ Yoast SEO plugin. -->","yoast_head_json":{"title":"INICIATIVAS INNOVADORAS en la comisi\u00f3n de Datos e Inteligencia Artificial de ATANA - Iniciativas Innovadoras","robots":{"index":"index","follow":"follow","max-snippet":"max-snippet:-1","max-image-preview":"max-image-preview:large","max-video-preview":"max-video-preview:-1"},"canonical":"https:\/\/iniciativas-innovadoras.es\/eu\/berriak\/iniciativas-innovadoras-en-la-comision-de-datos-e-inteligencia-artificial-de-atana\/","og_locale":"eu_ES","og_type":"article","og_title":"INICIATIVAS INNOVADORAS en la comisi\u00f3n de Datos e Inteligencia Artificial de ATANA - Iniciativas Innovadoras","og_description":"Este\u00a0martes 26 de marzo ha tenido lugar la primera reuni\u00f3n de la comisi\u00f3n de Datos e Inteligencia Artificial de ATANA, que ha vuelto a reactivar sus comisiones de trabajo con el objetivo de recuperar un cluster m\u00e1s colaborativo y proactivo. La reactivaci\u00f3n de esta comisi\u00f3n se integra en las diferentes acciones que ATANA ha llevado [&hellip;]","og_url":"https:\/\/iniciativas-innovadoras.es\/eu\/berriak\/iniciativas-innovadoras-en-la-comision-de-datos-e-inteligencia-artificial-de-atana\/","og_site_name":"Iniciativas Innovadoras","article_published_time":"2024-03-27T02:27:29+00:00","article_modified_time":"2025-10-15T09:35:36+00:00","og_image":[{"width":375,"height":290,"url":"https:\/\/iniciativas-innovadoras.es\/wp-content\/uploads\/2024\/11\/2024-03-27-noticia-atana-comision-inteligencia_mini.jpg","type":"image\/jpeg"}],"author":"Iniciativas Innovadoras","twitter_card":"summary_large_image","twitter_creator":"@iniciativas_in","twitter_site":"@iniciativas_in","twitter_misc":{"Written by":"Iniciativas Innovadoras","Est. reading time":"2 minutes"},"schema":{"@context":"https:\/\/schema.org","@graph":[{"@type":"Article","@id":"https:\/\/iniciativas-innovadoras.es\/eu\/berriak\/iniciativas-innovadoras-en-la-comision-de-datos-e-inteligencia-artificial-de-atana\/#article","isPartOf":{"@id":"https:\/\/iniciativas-innovadoras.es\/eu\/berriak\/iniciativas-innovadoras-en-la-comision-de-datos-e-inteligencia-artificial-de-atana\/"},"author":{"name":"Iniciativas Innovadoras","@id":"https:\/\/iniciativas-innovadoras.es\/eu\/#\/schema\/person\/5d35f7ba599484657152087cd1f109c0"},"headline":"INICIATIVAS INNOVADORAS en la comisi\u00f3n de Datos e Inteligencia Artificial de ATANA","datePublished":"2024-03-27T02:27:29+00:00","dateModified":"2025-10-15T09:35:36+00:00","mainEntityOfPage":{"@id":"https:\/\/iniciativas-innovadoras.es\/eu\/berriak\/iniciativas-innovadoras-en-la-comision-de-datos-e-inteligencia-artificial-de-atana\/"},"wordCount":347,"commentCount":0,"publisher":{"@id":"https:\/\/iniciativas-innovadoras.es\/eu\/#organization"},"image":{"@id":"https:\/\/iniciativas-innovadoras.es\/eu\/berriak\/iniciativas-innovadoras-en-la-comision-de-datos-e-inteligencia-artificial-de-atana\/#primaryimage"},"thumbnailUrl":"https:\/\/iniciativas-innovadoras.es\/wp-content\/uploads\/2024\/11\/2024-03-27-noticia-atana-comision-inteligencia_mini.jpg","inLanguage":"eu-ES","potentialAction":[{"@type":"CommentAction","name":"Comment","target":["https:\/\/iniciativas-innovadoras.es\/eu\/berriak\/iniciativas-innovadoras-en-la-comision-de-datos-e-inteligencia-artificial-de-atana\/#respond"]}]},{"@type":"WebPage","@id":"https:\/\/iniciativas-innovadoras.es\/eu\/berriak\/iniciativas-innovadoras-en-la-comision-de-datos-e-inteligencia-artificial-de-atana\/","url":"https:\/\/iniciativas-innovadoras.es\/eu\/berriak\/iniciativas-innovadoras-en-la-comision-de-datos-e-inteligencia-artificial-de-atana\/","name":"INICIATIVAS INNOVADORAS en la comisi\u00f3n de Datos e Inteligencia Artificial de ATANA - Iniciativas Innovadoras","isPartOf":{"@id":"https:\/\/iniciativas-innovadoras.es\/eu\/#website"},"primaryImageOfPage":{"@id":"https:\/\/iniciativas-innovadoras.es\/eu\/berriak\/iniciativas-innovadoras-en-la-comision-de-datos-e-inteligencia-artificial-de-atana\/#primaryimage"},"image":{"@id":"https:\/\/iniciativas-innovadoras.es\/eu\/berriak\/iniciativas-innovadoras-en-la-comision-de-datos-e-inteligencia-artificial-de-atana\/#primaryimage"},"thumbnailUrl":"https:\/\/iniciativas-innovadoras.es\/wp-content\/uploads\/2024\/11\/2024-03-27-noticia-atana-comision-inteligencia_mini.jpg","datePublished":"2024-03-27T02:27:29+00:00","dateModified":"2025-10-15T09:35:36+00:00","breadcrumb":{"@id":"https:\/\/iniciativas-innovadoras.es\/eu\/berriak\/iniciativas-innovadoras-en-la-comision-de-datos-e-inteligencia-artificial-de-atana\/#breadcrumb"},"inLanguage":"eu-ES","potentialAction":[{"@type":"ReadAction","target":["https:\/\/iniciativas-innovadoras.es\/eu\/berriak\/iniciativas-innovadoras-en-la-comision-de-datos-e-inteligencia-artificial-de-atana\/"]}]},{"@type":"ImageObject","inLanguage":"eu-ES","@id":"https:\/\/iniciativas-innovadoras.es\/eu\/berriak\/iniciativas-innovadoras-en-la-comision-de-datos-e-inteligencia-artificial-de-atana\/#primaryimage","url":"https:\/\/iniciativas-innovadoras.es\/wp-content\/uploads\/2024\/11\/2024-03-27-noticia-atana-comision-inteligencia_mini.jpg","contentUrl":"https:\/\/iniciativas-innovadoras.es\/wp-content\/uploads\/2024\/11\/2024-03-27-noticia-atana-comision-inteligencia_mini.jpg","width":375,"height":290,"caption":"INICIATIVAS INNOVADORAS en la comisi\u00f3n de Datos e Inteligencia Artificial de ATANA"},{"@type":"BreadcrumbList","@id":"https:\/\/iniciativas-innovadoras.es\/eu\/berriak\/iniciativas-innovadoras-en-la-comision-de-datos-e-inteligencia-artificial-de-atana\/#breadcrumb","itemListElement":[{"@type":"ListItem","position":1,"name":"Portada","item":"https:\/\/iniciativas-innovadoras.es\/eu\/"},{"@type":"ListItem","position":2,"name":"INICIATIVAS INNOVADORAS en la comisi\u00f3n de Datos e Inteligencia Artificial de ATANA"}]},{"@type":"WebSite","@id":"https:\/\/iniciativas-innovadoras.es\/eu\/#website","url":"https:\/\/iniciativas-innovadoras.es\/eu\/","name":"Iniciativas Innovadoras","description":"Transformamos ideas en proyectos","publisher":{"@id":"https:\/\/iniciativas-innovadoras.es\/eu\/#organization"},"potentialAction":[{"@type":"SearchAction","target":{"@type":"EntryPoint","urlTemplate":"https:\/\/iniciativas-innovadoras.es\/eu\/?s={search_term_string}"},"query-input":{"@type":"PropertyValueSpecification","valueRequired":true,"valueName":"search_term_string"}}],"inLanguage":"eu-ES"},{"@type":"Organization","@id":"https:\/\/iniciativas-innovadoras.es\/eu\/#organization","name":"Iniciativas Innovadoras","url":"https:\/\/iniciativas-innovadoras.es\/eu\/","logo":{"@type":"ImageObject","inLanguage":"eu-ES","@id":"https:\/\/iniciativas-innovadoras.es\/eu\/#\/schema\/logo\/image\/","url":"https:\/\/iniciativas-innovadoras.es\/wp-content\/uploads\/2025\/10\/iniciativas-innovadoras-logo-vertical.png","contentUrl":"https:\/\/iniciativas-innovadoras.es\/wp-content\/uploads\/2025\/10\/iniciativas-innovadoras-logo-vertical.png","width":696,"height":696,"caption":"Iniciativas Innovadoras"},"image":{"@id":"https:\/\/iniciativas-innovadoras.es\/eu\/#\/schema\/logo\/image\/"},"sameAs":["https:\/\/x.com\/iniciativas_in","https:\/\/www.linkedin.com\/company\/iniciativasinnovadoras\/"]},{"@type":"Person","@id":"https:\/\/iniciativas-innovadoras.es\/eu\/#\/schema\/person\/5d35f7ba599484657152087cd1f109c0","name":"Iniciativas Innovadoras","image":{"@type":"ImageObject","inLanguage":"eu-ES","@id":"https:\/\/secure.gravatar.com\/avatar\/c5ac29f5d5751d4bde351bb99c82b1e2bc940926a82097143aa58a7ad553b409?s=96&d=mm&r=g","url":"https:\/\/secure.gravatar.com\/avatar\/c5ac29f5d5751d4bde351bb99c82b1e2bc940926a82097143aa58a7ad553b409?s=96&d=mm&r=g","contentUrl":"https:\/\/secure.gravatar.com\/avatar\/c5ac29f5d5751d4bde351bb99c82b1e2bc940926a82097143aa58a7ad553b409?s=96&d=mm&r=g","caption":"Iniciativas Innovadoras"}}]}},"_links":{"self":[{"href":"https:\/\/iniciativas-innovadoras.es\/eu\/wp-json\/wp\/v2\/posts\/2725","targetHints":{"allow":["GET"]}}],"collection":[{"href":"https:\/\/iniciativas-innovadoras.es\/eu\/wp-json\/wp\/v2\/posts"}],"about":[{"href":"https:\/\/iniciativas-innovadoras.es\/eu\/wp-json\/wp\/v2\/types\/post"}],"author":[{"embeddable":true,"href":"https:\/\/iniciativas-innovadoras.es\/eu\/wp-json\/wp\/v2\/users\/2"}],"replies":[{"embeddable":true,"href":"https:\/\/iniciativas-innovadoras.es\/eu\/wp-json\/wp\/v2\/comments?post=2725"}],"version-history":[{"count":1,"href":"https:\/\/iniciativas-innovadoras.es\/eu\/wp-json\/wp\/v2\/posts\/2725\/revisions"}],"predecessor-version":[{"id":2728,"href":"https:\/\/iniciativas-innovadoras.es\/eu\/wp-json\/wp\/v2\/posts\/2725\/revisions\/2728"}],"wp:featuredmedia":[{"embeddable":true,"href":"https:\/\/iniciativas-innovadoras.es\/eu\/wp-json\/wp\/v2\/media\/1313"}],"wp:attachment":[{"href":"https:\/\/iniciativas-innovadoras.es\/eu\/wp-json\/wp\/v2\/media?parent=2725"}],"wp:term":[{"taxonomy":"category","embeddable":true,"href":"https:\/\/iniciativas-innovadoras.es\/eu\/wp-json\/wp\/v2\/categories?post=2725"},{"taxonomy":"post_tag","embeddable":true,"href":"https:\/\/iniciativas-innovadoras.es\/eu\/wp-json\/wp\/v2\/tags?post=2725"}],"curies":[{"name":"wp","href":"https:\/\/api.w.org\/{rel}","templated":true}]}}